{"id":1172,"date":"2014-02-17T17:35:44","date_gmt":"2014-02-17T17:35:44","guid":{"rendered":"http:\/\/mauspace.com\/space\/?p=1172"},"modified":"2014-02-17T17:35:44","modified_gmt":"2014-02-17T17:35:44","slug":"antonio-carlos-jobim-chega-de-saudade","status":"publish","type":"post","link":"https:\/\/mauspace.com\/space\/?p=1172","title":{"rendered":"Antonio Carlos Jobim &#8211; Chega De Saudade"},"content":{"rendered":"<div class=\"twttr_buttons\"><div class=\"twttr_twitter\">\n\t\t\t\t\t<a href=\"http:\/\/twitter.com\/share?text=Antonio+Carlos+Jobim+-+Chega+De+Saudade\" class=\"twitter-share-button\" data-via=\"\" data-hashtags=\"\"  data-size=\"default\" data-url=\"https:\/\/mauspace.com\/space\/?p=1172\"  data-related=\"\" target=\"_blank\">Tweet<\/a>\n\t\t\t\t<\/div><\/div><p><iframe loading=\"lazy\" src=\"\/\/www.youtube.com\/embed\/UzFJwiHRwDg\" height=\"315\" width=\"420\" allowfullscreen=\"\" frameborder=\"0\"><\/iframe><\/p>\n<p>Vai minha tristeza e diz a ela que sem ela<br \/>\nN\u00e3o pode ser, diz-lhe numa prece<br \/>\nQue ela regresse, porque eu n\u00e3o posso<br \/>\nMais sofrer. Chega de saudade a realidade<br \/>\n\u00c9 que sem ela n\u00e3o h\u00e1 paz, n\u00e3o h\u00e1 beleza<br \/>\n\u00c9 s\u00f3 tristeza e a melancolia<br \/>\nQue n\u00e3o sai de mim, n\u00e3o sai de mim, n\u00e3o sai<\/p>\n<p>Mas se ela voltar, se ela voltar,<br \/>\nQue coisa linda, que coisa louca<br \/>\nPois h\u00e1 menos peixinhos a nadar no mar<br \/>\nDo que os beijinhos que eu darei<br \/>\nNa sua boca, dentro dos meus bra\u00e7os<br \/>\nOs abra\u00e7os h\u00e3o de ser, milh\u00f5es de abra\u00e7os<br \/>\nApertado assim, colado assim, calado assim<br \/>\nAbra\u00e7os e beijinhos e carinhos sem ter fim<br \/>\nQue \u00e9 pra acabar com esse neg\u00f3cio de voc\u00ea viver sem mim.<br \/>\nN\u00e3o quero mais esse neg\u00f3cio de voc\u00ea longe de mim<\/p>\n","protected":false},"excerpt":{"rendered":"<p>Vai minha tristeza e diz a ela que sem ela N\u00e3o pode ser, diz-lhe numa prece Que ela regresse, porque eu n\u00e3o posso Mais sofrer. Chega de saudade a realidade \u00c9 que sem ela n\u00e3o h\u00e1 paz, n\u00e3o h\u00e1 beleza \u00c9 s\u00f3 tristeza e a melancolia Que n\u00e3o sai de mim, n\u00e3o sai de mim, <a class=\"more-link excerpt-link\" href=\"https:\/\/mauspace.com\/space\/?p=1172\">Continue Reading<span class=\"glyphicon glyphicon-chevron-right\"><\/span><\/a><\/p>\n","protected":false},"author":1,"featured_media":0,"comment_status":"open","ping_status":"closed","sticky":false,"template":"","format":"standard","meta":{"footnotes":""},"categories":[16],"tags":[],"_links":{"self":[{"href":"https:\/\/mauspace.com\/space\/index.php?rest_route=\/wp\/v2\/posts\/1172"}],"collection":[{"href":"https:\/\/mauspace.com\/space\/index.php?rest_route=\/wp\/v2\/posts"}],"about":[{"href":"https:\/\/mauspace.com\/space\/index.php?rest_route=\/wp\/v2\/types\/post"}],"author":[{"embeddable":true,"href":"https:\/\/mauspace.com\/space\/index.php?rest_route=\/wp\/v2\/users\/1"}],"replies":[{"embeddable":true,"href":"https:\/\/mauspace.com\/space\/index.php?rest_route=%2Fwp%2Fv2%2Fcomments&post=1172"}],"version-history":[{"count":1,"href":"https:\/\/mauspace.com\/space\/index.php?rest_route=\/wp\/v2\/posts\/1172\/revisions"}],"predecessor-version":[{"id":1173,"href":"https:\/\/mauspace.com\/space\/index.php?rest_route=\/wp\/v2\/posts\/1172\/revisions\/1173"}],"wp:attachment":[{"href":"https:\/\/mauspace.com\/space\/index.php?rest_route=%2Fwp%2Fv2%2Fmedia&parent=1172"}],"wp:term":[{"taxonomy":"category","embeddable":true,"href":"https:\/\/mauspace.com\/space\/index.php?rest_route=%2Fwp%2Fv2%2Fcategories&post=1172"},{"taxonomy":"post_tag","embeddable":true,"href":"https:\/\/mauspace.com\/space\/index.php?rest_route=%2Fwp%2Fv2%2Ftags&post=1172"}],"curies":[{"name":"wp","href":"https:\/\/api.w.org\/{rel}","templated":true}]}}