{"id":809,"date":"2011-10-04T21:41:07","date_gmt":"2011-10-04T21:41:07","guid":{"rendered":"http:\/\/mauspace.com\/space\/?p=809"},"modified":"2011-10-04T21:41:07","modified_gmt":"2011-10-04T21:41:07","slug":"tengo-una-soledad-tan-concurrida-mario-benedetti","status":"publish","type":"post","link":"https:\/\/mauspace.com\/space\/?p=809","title":{"rendered":"Tengo Una Soledad Tan Concurrida-Mario Benedetti"},"content":{"rendered":"<div class=\"twttr_buttons\"><div class=\"twttr_twitter\">\n\t\t\t\t\t<a href=\"http:\/\/twitter.com\/share?text=Tengo+Una+Soledad+Tan+Concurrida-Mario+Benedetti\" class=\"twitter-share-button\" data-via=\"\" data-hashtags=\"\"  data-size=\"default\" data-url=\"https:\/\/mauspace.com\/space\/?p=809\"  data-related=\"\" target=\"_blank\">Tweet<\/a>\n\t\t\t\t<\/div><\/div><p><strong><span style=\"color: #2e8b57;\"><br \/>\nTengo una soledad<br \/>\nTan concurrida<br \/>\nTan llena de nostalgias<br \/>\nY de rostros de vos<br \/>\nDe adioses de hace tiempo<br \/>\nY besos bienvenidos<br \/>\nDe primeras de cambio<br \/>\nY de \u00faltimo vag\u00f3n.<\/p>\n<p>Tengo una soledad<br \/>\nTan concurrida<br \/>\nQue puedo organizarla<br \/>\nComo una procesi\u00f3n<br \/>\nPor colores<br \/>\nTama\u00f1os<br \/>\nY promesas<br \/>\nPor \u00e9poca<br \/>\nPor tacto<br \/>\nY por sabor.<\/p>\n<p>Sin un temblor de m\u00e1s<br \/>\nMe abrazo a tus ausencias<br \/>\nQue asisten y me asisten<br \/>\nCon mi rostro de vos.<\/p>\n<p>Estoy lleno de sombras<br \/>\nDe noches y deseos<br \/>\nDe risas y de alguna<br \/>\nMaldici\u00f3n.<\/p>\n<p>Mis hu\u00e9spedes concurren<br \/>\nConcurren como sue\u00f1os<br \/>\nCon sus rencores nuevos<br \/>\nSu falta de candor<br \/>\nYo les pongo una escoba<br \/>\nTras la puerta<br \/>\nPorque quiero estar solo<br \/>\nCon mi rostro de vos.<\/p>\n<p>Pero el rostro de vos<br \/>\nMira a otra parte<br \/>\nCon sus ojos de amor<br \/>\nQue ya no aman<br \/>\nComo v\u00edveres<br \/>\nQue buscan a su hambre<br \/>\nMiran y miran<br \/>\nY apagan mi jornada.<\/p>\n<p>Las paredes se van<br \/>\nQueda la noche<br \/>\nLas nostalgias se van<br \/>\nNo queda nada.<\/p>\n<p>Ya mi rostro de vos<br \/>\nCierra los ojos<br \/>\nY es una soledad<br \/>\nTan desolada.<\/span><\/strong><\/p>\n","protected":false},"excerpt":{"rendered":"<p>Tengo una soledad Tan concurrida Tan llena de nostalgias Y de rostros de vos De adioses de hace tiempo Y besos bienvenidos De primeras de cambio Y de \u00faltimo vag\u00f3n. Tengo una soledad Tan concurrida Que puedo organizarla Como una procesi\u00f3n Por colores Tama\u00f1os Y promesas Por \u00e9poca Por tacto Y por sabor. Sin un <a class=\"more-link excerpt-link\" href=\"https:\/\/mauspace.com\/space\/?p=809\">Continue Reading<span class=\"glyphicon glyphicon-chevron-right\"><\/span><\/a><\/p>\n","protected":false},"author":1,"featured_media":0,"comment_status":"open","ping_status":"closed","sticky":false,"template":"","format":"standard","meta":{"footnotes":""},"categories":[1],"tags":[],"_links":{"self":[{"href":"https:\/\/mauspace.com\/space\/index.php?rest_route=\/wp\/v2\/posts\/809"}],"collection":[{"href":"https:\/\/mauspace.com\/space\/index.php?rest_route=\/wp\/v2\/posts"}],"about":[{"href":"https:\/\/mauspace.com\/space\/index.php?rest_route=\/wp\/v2\/types\/post"}],"author":[{"embeddable":true,"href":"https:\/\/mauspace.com\/space\/index.php?rest_route=\/wp\/v2\/users\/1"}],"replies":[{"embeddable":true,"href":"https:\/\/mauspace.com\/space\/index.php?rest_route=%2Fwp%2Fv2%2Fcomments&post=809"}],"version-history":[{"count":1,"href":"https:\/\/mauspace.com\/space\/index.php?rest_route=\/wp\/v2\/posts\/809\/revisions"}],"predecessor-version":[{"id":810,"href":"https:\/\/mauspace.com\/space\/index.php?rest_route=\/wp\/v2\/posts\/809\/revisions\/810"}],"wp:attachment":[{"href":"https:\/\/mauspace.com\/space\/index.php?rest_route=%2Fwp%2Fv2%2Fmedia&parent=809"}],"wp:term":[{"taxonomy":"category","embeddable":true,"href":"https:\/\/mauspace.com\/space\/index.php?rest_route=%2Fwp%2Fv2%2Fcategories&post=809"},{"taxonomy":"post_tag","embeddable":true,"href":"https:\/\/mauspace.com\/space\/index.php?rest_route=%2Fwp%2Fv2%2Ftags&post=809"}],"curies":[{"name":"wp","href":"https:\/\/api.w.org\/{rel}","templated":true}]}}